{"id":2465,"date":"2024-06-07T11:13:36","date_gmt":"2024-06-07T10:13:36","guid":{"rendered":"http:\/\/www.fundacionrac.org\/rac\/?p=2465"},"modified":"2024-06-07T11:18:16","modified_gmt":"2024-06-07T10:18:16","slug":"o-multiple-que-ocupa-o-espazo","status":"publish","type":"post","link":"http:\/\/www.fundacionrac.org\/rac\/o-multiple-que-ocupa-o-espazo\/","title":{"rendered":"O m\u00faltiple que ocupa o espazo"},"content":{"rendered":"<div class=\"fusion-fullwidth fullwidth-box fusion-builder-row-1 fusion-flex-container nonhundred-percent-fullwidth non-hundred-percent-height-scrolling\" style=\"background-color: rgba(255,255,255,0);background-position: center center;background-repeat: no-repeat;border-width: 0px 0px 0px 0px;border-color:#e2e2e2;border-style:solid;\" ><div class=\"fusion-builder-row fusion-row fusion-flex-align-items-flex-start\" style=\"max-width:1456px;margin-left: calc(-4% \/ 2 );margin-right: calc(-4% \/ 2 );\"><div class=\"fusion-layout-column fusion_builder_column fusion-builder-column-0 fusion_builder_column_1_2 1_2 fusion-flex-column\"><div class=\"fusion-column-wrapper fusion-flex-justify-content-flex-start fusion-content-layout-column\" style=\"background-position:left top;background-repeat:no-repeat;-webkit-background-size:cover;-moz-background-size:cover;-o-background-size:cover;background-size:cover;padding: 0px 0px 0px 0px;\"><style type=\"text\/css\">.fusion-gallery-1 .fusion-gallery-image {border:0px solid #e2e2e2;}<\/style><div class=\"fusion-gallery fusion-gallery-container fusion-grid-1 fusion-columns-total-6 fusion-gallery-layout-grid fusion-gallery-1\" style=\"margin:-5px;\"><div style=\"padding:5px;\" class=\"fusion-grid-column fusion-gallery-column fusion-gallery-column-1 hover-type-none\"><div class=\"fusion-gallery-image\"><img decoding=\"async\" src=\"http:\/\/www.fundacionrac.org\/rac\/wp-content\/uploads\/Resonancias_BenjaminTorres_2560x1707.png\" width=\"2560\" height=\"1707\" alt=\"\" title=\"_Resonancias_BenjaminTorres_2560x1707\" aria-label=\"_Resonancias_BenjaminTorres_2560x1707\" class=\"img-responsive wp-image-2466\" srcset=\"http:\/\/www.fundacionrac.org\/rac\/wp-content\/uploads\/Resonancias_BenjaminTorres_2560x1707-200x133.png 200w, http:\/\/www.fundacionrac.org\/rac\/wp-content\/uploads\/Resonancias_BenjaminTorres_2560x1707-400x267.png 400w, http:\/\/www.fundacionrac.org\/rac\/wp-content\/uploads\/Resonancias_BenjaminTorres_2560x1707-600x400.png 600w, http:\/\/www.fundacionrac.org\/rac\/wp-content\/uploads\/Resonancias_BenjaminTorres_2560x1707-800x533.png 800w, http:\/\/www.fundacionrac.org\/rac\/wp-content\/uploads\/Resonancias_BenjaminTorres_2560x1707-1200x800.png 1200w, http:\/\/www.fundacionrac.org\/rac\/wp-content\/uploads\/Resonancias_BenjaminTorres_2560x1707.png 2560w\" sizes=\"(min-width: 2200px) 100vw, (min-width: 640px) 1400px, \" \/><\/div><\/div><div class=\"clearfix\"><\/div><div style=\"padding:5px;\" class=\"fusion-grid-column fusion-gallery-column fusion-gallery-column-1 hover-type-none\"><div class=\"fusion-gallery-image\"><img decoding=\"async\" src=\"http:\/\/www.fundacionrac.org\/rac\/wp-content\/uploads\/Resonancias_AntoniMuntadas_2560x1707.png\" width=\"2560\" height=\"1707\" alt=\"\" title=\"_Resonancias_AntoniMuntadas_2560x1707\" aria-label=\"_Resonancias_AntoniMuntadas_2560x1707\" class=\"img-responsive wp-image-2469\" srcset=\"http:\/\/www.fundacionrac.org\/rac\/wp-content\/uploads\/Resonancias_AntoniMuntadas_2560x1707-200x133.png 200w, http:\/\/www.fundacionrac.org\/rac\/wp-content\/uploads\/Resonancias_AntoniMuntadas_2560x1707-400x267.png 400w, http:\/\/www.fundacionrac.org\/rac\/wp-content\/uploads\/Resonancias_AntoniMuntadas_2560x1707-600x400.png 600w, http:\/\/www.fundacionrac.org\/rac\/wp-content\/uploads\/Resonancias_AntoniMuntadas_2560x1707-800x533.png 800w, http:\/\/www.fundacionrac.org\/rac\/wp-content\/uploads\/Resonancias_AntoniMuntadas_2560x1707-1200x800.png 1200w, http:\/\/www.fundacionrac.org\/rac\/wp-content\/uploads\/Resonancias_AntoniMuntadas_2560x1707.png 2560w\" sizes=\"(min-width: 2200px) 100vw, (min-width: 640px) 1400px, \" \/><\/div><\/div><div class=\"clearfix\"><\/div><div style=\"padding:5px;\" class=\"fusion-grid-column fusion-gallery-column fusion-gallery-column-1 hover-type-none\"><div class=\"fusion-gallery-image\"><img decoding=\"async\" src=\"http:\/\/www.fundacionrac.org\/rac\/wp-content\/uploads\/Resonancias_StephenDean_2560x1707.png\" width=\"2560\" height=\"1707\" alt=\"\" title=\"_Resonancias_StephenDean_2560x1707\" aria-label=\"_Resonancias_StephenDean_2560x1707\" class=\"img-responsive wp-image-2470\" srcset=\"http:\/\/www.fundacionrac.org\/rac\/wp-content\/uploads\/Resonancias_StephenDean_2560x1707-200x133.png 200w, http:\/\/www.fundacionrac.org\/rac\/wp-content\/uploads\/Resonancias_StephenDean_2560x1707-400x267.png 400w, http:\/\/www.fundacionrac.org\/rac\/wp-content\/uploads\/Resonancias_StephenDean_2560x1707-600x400.png 600w, http:\/\/www.fundacionrac.org\/rac\/wp-content\/uploads\/Resonancias_StephenDean_2560x1707-800x533.png 800w, http:\/\/www.fundacionrac.org\/rac\/wp-content\/uploads\/Resonancias_StephenDean_2560x1707-1200x800.png 1200w, http:\/\/www.fundacionrac.org\/rac\/wp-content\/uploads\/Resonancias_StephenDean_2560x1707.png 2560w\" sizes=\"(min-width: 2200px) 100vw, (min-width: 640px) 1400px, \" \/><\/div><\/div><div class=\"clearfix\"><\/div><div style=\"padding:5px;\" class=\"fusion-grid-column fusion-gallery-column fusion-gallery-column-1 hover-type-none\"><div class=\"fusion-gallery-image\"><img decoding=\"async\" src=\"http:\/\/www.fundacionrac.org\/rac\/wp-content\/uploads\/Resonancias_StephenDean2_2560x1707.png\" width=\"2560\" height=\"1707\" alt=\"\" title=\"_Resonancias_StephenDean2_2560x1707\" aria-label=\"_Resonancias_StephenDean2_2560x1707\" class=\"img-responsive wp-image-2471\" srcset=\"http:\/\/www.fundacionrac.org\/rac\/wp-content\/uploads\/Resonancias_StephenDean2_2560x1707-200x133.png 200w, http:\/\/www.fundacionrac.org\/rac\/wp-content\/uploads\/Resonancias_StephenDean2_2560x1707-400x267.png 400w, http:\/\/www.fundacionrac.org\/rac\/wp-content\/uploads\/Resonancias_StephenDean2_2560x1707-600x400.png 600w, http:\/\/www.fundacionrac.org\/rac\/wp-content\/uploads\/Resonancias_StephenDean2_2560x1707-800x533.png 800w, http:\/\/www.fundacionrac.org\/rac\/wp-content\/uploads\/Resonancias_StephenDean2_2560x1707-1200x800.png 1200w, http:\/\/www.fundacionrac.org\/rac\/wp-content\/uploads\/Resonancias_StephenDean2_2560x1707.png 2560w\" sizes=\"(min-width: 2200px) 100vw, (min-width: 640px) 1400px, \" \/><\/div><\/div><div class=\"clearfix\"><\/div><div style=\"padding:5px;\" class=\"fusion-grid-column fusion-gallery-column fusion-gallery-column-1 hover-type-none\"><div class=\"fusion-gallery-image\"><img decoding=\"async\" src=\"http:\/\/www.fundacionrac.org\/rac\/wp-content\/uploads\/Resonancias_IgnasiAballi2_2560x1707.png\" width=\"2560\" height=\"1707\" alt=\"\" title=\"_Resonancias_IgnasiAballi2_2560x1707\" aria-label=\"_Resonancias_IgnasiAballi2_2560x1707\" class=\"img-responsive wp-image-2472\" srcset=\"http:\/\/www.fundacionrac.org\/rac\/wp-content\/uploads\/Resonancias_IgnasiAballi2_2560x1707-200x133.png 200w, http:\/\/www.fundacionrac.org\/rac\/wp-content\/uploads\/Resonancias_IgnasiAballi2_2560x1707-400x267.png 400w, http:\/\/www.fundacionrac.org\/rac\/wp-content\/uploads\/Resonancias_IgnasiAballi2_2560x1707-600x400.png 600w, http:\/\/www.fundacionrac.org\/rac\/wp-content\/uploads\/Resonancias_IgnasiAballi2_2560x1707-800x533.png 800w, http:\/\/www.fundacionrac.org\/rac\/wp-content\/uploads\/Resonancias_IgnasiAballi2_2560x1707-1200x800.png 1200w, http:\/\/www.fundacionrac.org\/rac\/wp-content\/uploads\/Resonancias_IgnasiAballi2_2560x1707.png 2560w\" sizes=\"(min-width: 2200px) 100vw, (min-width: 640px) 1400px, \" \/><\/div><\/div><div class=\"clearfix\"><\/div><div style=\"padding:5px;\" class=\"fusion-grid-column fusion-gallery-column fusion-gallery-column-1 hover-type-none\"><div class=\"fusion-gallery-image\"><img decoding=\"async\" src=\"http:\/\/www.fundacionrac.org\/rac\/wp-content\/uploads\/Resonancias_IgnasiAballi_2560x1707-1.png\" width=\"2560\" height=\"1707\" alt=\"\" title=\"_Resonancias_IgnasiAballi_2560x1707\" aria-label=\"_Resonancias_IgnasiAballi_2560x1707\" class=\"img-responsive wp-image-2473\" srcset=\"http:\/\/www.fundacionrac.org\/rac\/wp-content\/uploads\/Resonancias_IgnasiAballi_2560x1707-1-200x133.png 200w, http:\/\/www.fundacionrac.org\/rac\/wp-content\/uploads\/Resonancias_IgnasiAballi_2560x1707-1-400x267.png 400w, http:\/\/www.fundacionrac.org\/rac\/wp-content\/uploads\/Resonancias_IgnasiAballi_2560x1707-1-600x400.png 600w, http:\/\/www.fundacionrac.org\/rac\/wp-content\/uploads\/Resonancias_IgnasiAballi_2560x1707-1-800x533.png 800w, http:\/\/www.fundacionrac.org\/rac\/wp-content\/uploads\/Resonancias_IgnasiAballi_2560x1707-1-1200x800.png 1200w, http:\/\/www.fundacionrac.org\/rac\/wp-content\/uploads\/Resonancias_IgnasiAballi_2560x1707-1.png 2560w\" sizes=\"(min-width: 2200px) 100vw, (min-width: 640px) 1400px, \" \/><\/div><\/div><div class=\"clearfix\"><\/div><\/div><\/div><\/div><style type=\"text\/css\">.fusion-body .fusion-builder-column-0{width:50% !important;margin-top : 0px;margin-bottom : 20px;}.fusion-builder-column-0 > .fusion-column-wrapper {padding-top : 0px !important;padding-right : 0px !important;margin-right : 3.84%;padding-bottom : 0px !important;padding-left : 0px !important;margin-left : 3.84%;}@media only screen and (max-width:1024px) {.fusion-body .fusion-builder-column-0{width:50% !important;order : 0;}.fusion-builder-column-0 > .fusion-column-wrapper {margin-right : 3.84%;margin-left : 3.84%;}}@media only screen and (max-width:640px) {.fusion-body .fusion-builder-column-0{width:100% !important;order : 0;}.fusion-builder-column-0 > .fusion-column-wrapper {margin-right : 1.92%;margin-left : 1.92%;}}<\/style><div class=\"fusion-layout-column fusion_builder_column fusion-builder-column-1 fusion_builder_column_1_2 1_2 fusion-flex-column\"><div class=\"fusion-column-wrapper fusion-flex-justify-content-flex-start fusion-content-layout-column\" style=\"background-position:left top;background-repeat:no-repeat;-webkit-background-size:cover;-moz-background-size:cover;-o-background-size:cover;background-size:cover;padding: 0px 0px 0px 0px;\"><div class=\"fusion-text fusion-text-1\" style=\"transform:translate3d(0,0,0);\"><p><span style=\"font-weight: 400;\">2024<\/span><\/p>\n<p><span style=\"font-weight: 400;\">8 de mayo a 30 de junio de 2024\u00a0<\/span><\/p>\n<p><b>O m\u00faltiple que ocupa o espazo<\/b><\/p>\n<p><span style=\"font-weight: 400;\">Comisariado: dx5 y Vac\u00edo 0 Horario de visita: de mi\u00e9rcoles a viernes de 18:00h a 21:00h<\/span><\/p>\n<\/div><div class=\"fusion-text fusion-text-2\" style=\"transform:translate3d(0,0,0);\"><p><span style=\"font-weight: 400;\">En la sede de la Fundaci\u00f3n RAC, bajo el t\u00edtulo _Resonancias, se expone una selecci\u00f3n de fondos de la colecci\u00f3n representada por siete artistas de reconocido prestigio en el panorama nacional e internacional. Nombres como Stephen Dean, Isidro Blasco, Ignasi Aball\u00ed, Antonio Muntadas, Benjam\u00edn Torres, Jonathan Hern\u00e1ndez o John Baldessari. Nos hablan en esta muestra colectiva de diferentes apreciaciones y percepciones del sentido de lo m\u00faltiple que ocupa el espacio en la contemporaneidad. Es significativo comprobar como las obras de estos artistas, provenientes de una colecci\u00f3n privada de arte contempor\u00e1neo cumplen con los fundamentos de este Foro despu\u00e9s de que ya est\u00e9n generadas y formuladas desde pautas de multiplexaci\u00f3n formal, conceptual o procesual. Este dato nos habla de la actualidad de la selecci\u00f3n realizada desde la colecci\u00f3n y de la pertinencia del tema protagonista del Foro.<\/span><\/p>\n<p><span style=\"font-weight: 400;\">Los proyectos presentados tienen en com\u00fan buscar dar forma a una percepci\u00f3n sensorial m\u00e1s completa y compleja de nuestra realidad m\u00e1s cotidiana. A trav\u00e9s de la fragmentaci\u00f3n, la desmultiplicaci\u00f3n y la repetici\u00f3n, las obras se despliegan en forma de series, y adquieren formas tridimensionales e instalativas, en las que el factor tiempo cobra gran relevancia. Podr\u00edamos decir, que en esta muestra el tiempo desdoblado se multiplica en el espacio, desde lo m\u00faltiple para ofrecer una experiencia total m\u00e1s compleja de las obras e intalaciones creadas a partir de potenciales matrices generadoras.<\/span><\/p>\n<p><span style=\"font-weight: 400;\">El t\u00edtulo de esta muestra _Resonancias, remite a esas ideas de propagaci\u00f3n y expansi\u00f3n de las obras, as\u00ed como la labor de difusi\u00f3n y divulgaci\u00f3n de la Fundaci\u00f3n RAC. Con esta colaboraci\u00f3n entre la Universidad de Vigo, a trav\u00e9s del grupo de investigaci\u00f3n Dx5 de la Facultad de Bellas Artes, y la Fundaci\u00f3n se establece, una vez m\u00e1s, un fruct\u00edfero di\u00e1logo entre instituciones que cumple con unos de los objetivos primordiales de la RAC: facilitar el intercambio entre el \u00e1mbito art\u00edstico y la comunidad y fomentar la reflexi\u00f3n sobre el arte actual.<\/span><\/p>\n<\/div><\/div><\/div><style type=\"text\/css\">.fusion-body .fusion-builder-column-1{width:50% !important;margin-top : 0px;margin-bottom : 20px;}.fusion-builder-column-1 > .fusion-column-wrapper {padding-top : 0px !important;padding-right : 0px !important;margin-right : 3.84%;padding-bottom : 0px !important;padding-left : 0px !important;margin-left : 3.84%;}@media only screen and (max-width:1024px) {.fusion-body .fusion-builder-column-1{width:50% !important;order : 0;}.fusion-builder-column-1 > .fusion-column-wrapper {margin-right : 3.84%;margin-left : 3.84%;}}@media only screen and (max-width:640px) {.fusion-body .fusion-builder-column-1{width:100% !important;order : 0;}.fusion-builder-column-1 > .fusion-column-wrapper {margin-right : 1.92%;margin-left : 1.92%;}}<\/style><\/div><style type=\"text\/css\">.fusion-body .fusion-flex-container.fusion-builder-row-1{ padding-top : 0px;margin-top : 0px;padding-right : 0px;padding-bottom : 0px;margin-bottom : 0px;padding-left : 0px;}<\/style><\/div>\n","protected":false},"excerpt":{"rendered":"","protected":false},"author":3,"featured_media":0,"comment_status":"closed","ping_status":"closed","sticky":false,"template":"","format":"standard","meta":{"footnotes":""},"categories":[35],"tags":[],"class_list":["post-2465","post","type-post","status-publish","format-standard","hentry","category-sin-categorizar"],"_links":{"self":[{"href":"http:\/\/www.fundacionrac.org\/rac\/wp-json\/wp\/v2\/posts\/2465","targetHints":{"allow":["GET"]}}],"collection":[{"href":"http:\/\/www.fundacionrac.org\/rac\/wp-json\/wp\/v2\/posts"}],"about":[{"href":"http:\/\/www.fundacionrac.org\/rac\/wp-json\/wp\/v2\/types\/post"}],"author":[{"embeddable":true,"href":"http:\/\/www.fundacionrac.org\/rac\/wp-json\/wp\/v2\/users\/3"}],"replies":[{"embeddable":true,"href":"http:\/\/www.fundacionrac.org\/rac\/wp-json\/wp\/v2\/comments?post=2465"}],"version-history":[{"count":3,"href":"http:\/\/www.fundacionrac.org\/rac\/wp-json\/wp\/v2\/posts\/2465\/revisions"}],"predecessor-version":[{"id":2477,"href":"http:\/\/www.fundacionrac.org\/rac\/wp-json\/wp\/v2\/posts\/2465\/revisions\/2477"}],"wp:attachment":[{"href":"http:\/\/www.fundacionrac.org\/rac\/wp-json\/wp\/v2\/media?parent=2465"}],"wp:term":[{"taxonomy":"category","embeddable":true,"href":"http:\/\/www.fundacionrac.org\/rac\/wp-json\/wp\/v2\/categories?post=2465"},{"taxonomy":"post_tag","embeddable":true,"href":"http:\/\/www.fundacionrac.org\/rac\/wp-json\/wp\/v2\/tags?post=2465"}],"curies":[{"name":"wp","href":"https:\/\/api.w.org\/{rel}","templated":true}]}}